{"html":"                                    \u003Cdiv class=\u0022row\u0022\u003E\n                                                                                                                                                                                                                    \u003Cdiv class=\u0022cell-4 cell-t-6 cell-m-2\u0022\u003E\n                            \n    \u003Cdiv class=\u0022projects-list-item\u0022\u003E\n                                \u003Ca href=\u0022\/en\/projects\/mixed-used-projects\/gare-du-sud\u0022 class=\u0022gtm_projetpush-img\u0022\u003E\n                                                \n    \u003Cimg src=\u0022https:\/\/cdn.icade.fr\/icadefr-clone\/images\/_aliases\/projet_list_hp\/0\/5\/2\/8\/8250-24-eng-GB\/gare-du-sud-nice-place-perspective.jpg\u0022 alt=\u0022Gare du Sud \u00e0 Nice. \u00a9Reichen et Robert \u0026amp; Associ\u00e9s\u0022 \/\u003E\n\n                            \u003C\/a\u003E\n                \n                \u003Ch2 class=\u0022projects-list-item-name\u0022\u003E\n                \u003Ca href=\u0022\/en\/projects\/mixed-used-projects\/gare-du-sud\u0022 class=\u0022gtm_projetpush-title\u0022\u003E\n                                            Gare du Sud\n                                    \u003C\/a\u003E\n            \u003C\/h2\u003E\n            \u003C\/div\u003E\n                        \u003C\/div\u003E\n                                                            \u003Cdiv class=\u0022cell-8 cell-t-6 cell-m-2\u0022\u003E\n                        \n    \u003Cdiv class=\u0022projects-list-item\u0022\u003E\n                                \u003Ca href=\u0022\/en\/projects\/mixed-used-projects\/emblem\u0022 class=\u0022gtm_projetpush-img\u0022\u003E\n                                                \n    \u003Cimg src=\u0022https:\/\/cdn.icade.fr\/icadefr-clone\/images\/_aliases\/projet_list_hp\/3\/0\/8\/8\/8803-1-fre-FR\/mcdonald-lille-vue-exterieure.jpg\u0022 alt=\u0022Perspective EMBLEM \u00e0 Lille \u00a9 Hamonic et Masson, Cabinet Redcat\u0022 \/\u003E\n\n                            \u003C\/a\u003E\n                \n            \u003Cul class=\u0022projects-list-item-tags\u0022 \u003E\n                                                                        \u003Cli \u003E\n                                                                        \u003Ca href=\u0022#\u0022\n                            data-icd=\u0022L2VuL3JlY2hlcmNoZT90YWc9SG91c2luZw==\u0022\n                            class=\u0022homepage-push-tag icd\u0022                             data-type=\u0022gtm_projetpush-tag\u0022                    \u003E\n                        Housing\n                    \u003C\/a\u003E\n                    \u003C\/li\u003E\n                                                                \u003Cli \u003E\n                                                                        \u003Ca href=\u0022#\u0022\n                            data-icd=\u0022L2VuL3JlY2hlcmNoZT90YWc9T2ZmaWNlcw==\u0022\n                            class=\u0022homepage-push-tag icd\u0022                             data-type=\u0022gtm_projetpush-tag\u0022                    \u003E\n                        Offices\n                    \u003C\/a\u003E\n                    \u003C\/li\u003E\n                                    \u003C\/ul\u003E\n                \u003Ch2 class=\u0022projects-list-item-name\u0022\u003E\n                \u003Ca href=\u0022\/en\/projects\/mixed-used-projects\/emblem\u0022 class=\u0022gtm_projetpush-title\u0022\u003E\n                                            EMBLEM\n                                    \u003C\/a\u003E\n            \u003C\/h2\u003E\n            \u003C\/div\u003E\n                    \u003C\/div\u003E\n                                    \u003C\/div\u003E\n                                                \u003Cdiv class=\u0022row\u0022\u003E\n                                                                                                                                                \u003Cdiv class=\u0022cell-6 cell-t-6 cell-m-2\u0022\u003E\n                            \n    \u003Cdiv class=\u0022projects-list-item\u0022\u003E\n                                \u003Ca href=\u0022\/en\/projects\/offices\/property-development\/lebon-lamartine\u0022 class=\u0022gtm_projetpush-img\u0022\u003E\n                                                \n    \u003Cimg src=\u0022https:\/\/cdn.icade.fr\/icadefr-clone\/images\/_aliases\/projet_list_hp\/0\/9\/3\/4\/4390-1-fre-FR\/Bureaux_LebonLamartine_Villejuif_MI.jpg\u0022 alt=\u0022Offices  Lebon Lamartine - Villejuif - Architects: Lehoux Phily Samaha \/ SELARL Lahyani firms\u0022 \/\u003E\n\n                            \u003C\/a\u003E\n                \n            \u003Cul class=\u0022projects-list-item-tags\u0022 \u003E\n                                                                        \u003Cli \u003E\n                                                                        \u003Ca href=\u0022#\u0022\n                            data-icd=\u0022L2VuL3JlY2hlcmNoZT90YWc9UmVhbCUyMEVzdGF0ZQ==\u0022\n                            class=\u0022homepage-push-tag icd\u0022                             data-type=\u0022gtm_projetpush-tag\u0022                    \u003E\n                        Real Estate\n                    \u003C\/a\u003E\n                    \u003C\/li\u003E\n                                                                \u003Cli \u003E\n                                                                        \u003Ca href=\u0022#\u0022\n                            data-icd=\u0022L2VuL3JlY2hlcmNoZT90YWc9Q2xvc2UlMjB0byUyMHRyYW5zcG9ydA==\u0022\n                            class=\u0022homepage-push-tag icd\u0022                             data-type=\u0022gtm_projetpush-tag\u0022                    \u003E\n                        Close to transport\n                    \u003C\/a\u003E\n                    \u003C\/li\u003E\n                                    \u003C\/ul\u003E\n                \u003Ch2 class=\u0022projects-list-item-name\u0022\u003E\n                \u003Ca href=\u0022\/en\/projects\/offices\/property-development\/lebon-lamartine\u0022 class=\u0022gtm_projetpush-title\u0022\u003E\n                                            Lebon Lamartine\n                                    \u003C\/a\u003E\n            \u003C\/h2\u003E\n            \u003C\/div\u003E\n                        \u003C\/div\u003E\n                                                            \u003Cdiv class=\u0022cell-6 cell-t-6 cell-m-2\u0022\u003E\n                        \n    \u003Cdiv class=\u0022projects-list-item\u0022\u003E\n                                \u003Ca href=\u0022\/en\/projects\/offices\/commercial-property-investment\/le-v\u0022 class=\u0022gtm_projetpush-img\u0022\u003E\n                                                \n    \u003Cimg src=\u0022https:\/\/cdn.icade.fr\/icadefr-clone\/images\/_aliases\/projet_list_hp\/4\/0\/0\/8\/8004-12-fre-FR\/d69e4df3b991-bur-lev.jpg\u0022 alt=\u0022Vue int\u00e9rieure des jardins et terrasses du Si\u00e8ge social de V\u00e9olia \u00e0 Aubervilliers\u0022 \/\u003E\n\n                            \u003C\/a\u003E\n                \n            \u003Cul class=\u0022projects-list-item-tags\u0022 \u003E\n                                                                        \u003Cli \u003E\n                                                                        \u003Ca href=\u0022#\u0022\n                            data-icd=\u0022L2VuL3JlY2hlcmNoZT90YWc9SWNhZGUlMjBidXNpbmVzcyUyMHBhcms=\u0022\n                            class=\u0022homepage-push-tag icd\u0022                             data-type=\u0022gtm_projetpush-tag\u0022                    \u003E\n                        Icade business park\n                    \u003C\/a\u003E\n                    \u003C\/li\u003E\n                                                                \u003Cli \u003E\n                                                                        \u003Ca href=\u0022#\u0022\n                            data-icd=\u0022L2VuL3JlY2hlcmNoZT90YWc9T2ZmaWNlcw==\u0022\n                            class=\u0022homepage-push-tag icd\u0022                             data-type=\u0022gtm_projetpush-tag\u0022                    \u003E\n                        Offices\n                    \u003C\/a\u003E\n                    \u003C\/li\u003E\n                                    \u003C\/ul\u003E\n                \u003Ch2 class=\u0022projects-list-item-name\u0022\u003E\n                \u003Ca href=\u0022\/en\/projects\/offices\/commercial-property-investment\/le-v\u0022 class=\u0022gtm_projetpush-title\u0022\u003E\n                                            Le \u0026quot;V\u0026quot;\n                                    \u003C\/a\u003E\n            \u003C\/h2\u003E\n            \u003C\/div\u003E\n                    \u003C\/div\u003E\n                                    \u003C\/div\u003E\n                                                \u003Cdiv class=\u0022row row-single\u0022\u003E\n                    \u003Cdiv class=\u0022cell-2 cell-t-1 is-hidden-mobile\u0022\u003E\u003C\/div\u003E\n                    \u003Cdiv class=\u0022cell-8 cell-t-6 cell-m-2\u0022\u003E\n                        \n    \u003Cdiv class=\u0022projects-list-item\u0022\u003E\n                                \u003Ca href=\u0022\/en\/projects\/urban-development\/plessis-botanique-development-zone\u0022 class=\u0022gtm_projetpush-img\u0022\u003E\n                                                \n    \u003Cimg src=\u0022https:\/\/cdn.icade.fr\/icadefr-clone\/images\/_aliases\/projet_list_hp\/1\/4\/7\/7\/27741-29-eng-GB\/small-plessis-botanique-la-riche-vue-place.jpg\u0022 alt=\u0022ZAC du Plessis-Botanique - La Riche\u0022 \/\u003E\n\n                            \u003C\/a\u003E\n                \n            \u003Cul class=\u0022projects-list-item-tags\u0022 \u003E\n                                                                        \u003Cli \u003E\n                                                                        \u003Ca href=\u0022#\u0022\n                            data-icd=\u0022L2VuL3JlY2hlcmNoZT90YWc9SG91c2luZw==\u0022\n                            class=\u0022homepage-push-tag icd\u0022                             data-type=\u0022gtm_projetpush-tag\u0022                    \u003E\n                        Housing\n                    \u003C\/a\u003E\n                    \u003C\/li\u003E\n                                                                \u003Cli \u003E\n                                                                        \u003Ca href=\u0022#\u0022\n                            data-icd=\u0022L2VuL3JlY2hlcmNoZT90YWc9UHVibGljLXByaXZhdGUlMjBwYXJ0bmVyc2hpcA==\u0022\n                            class=\u0022homepage-push-tag icd\u0022                             data-type=\u0022gtm_projetpush-tag\u0022                    \u003E\n                        Public-private partnership\n                    \u003C\/a\u003E\n                    \u003C\/li\u003E\n                                                                \u003Cli \u003E\n                                                                        \u003Ca href=\u0022#\u0022\n                            data-icd=\u0022L2VuL3JlY2hlcmNoZT90YWc9TGElMjBSaWNoZSUyMCUyODM3JTI5\u0022\n                            class=\u0022homepage-push-tag icd\u0022                             data-type=\u0022gtm_projetpush-tag\u0022                    \u003E\n                        La Riche (37)\n                    \u003C\/a\u003E\n                    \u003C\/li\u003E\n                                    \u003C\/ul\u003E\n                \u003Ch2 class=\u0022projects-list-item-name\u0022\u003E\n                \u003Ca href=\u0022\/en\/projects\/urban-development\/plessis-botanique-development-zone\u0022 class=\u0022gtm_projetpush-title\u0022\u003E\n                                            Plessis-Botanique development zone\n                                    \u003C\/a\u003E\n            \u003C\/h2\u003E\n            \u003C\/div\u003E\n                    \u003C\/div\u003E\n                \u003C\/div\u003E\n                                                \u003Cdiv class=\u0022row\u0022\u003E\n                                                                                                                                                                                                                    \u003Cdiv class=\u0022cell-6 cell-t-6 cell-m-2\u0022\u003E\n                            \n    \u003Cdiv class=\u0022projects-list-item\u0022\u003E\n                                \u003Ca href=\u0022\/en\/projects\/offices\/commercial-property-investment\/eqho\u0022 class=\u0022gtm_projetpush-img\u0022\u003E\n                                                \n    \u003Cimg src=\u0022https:\/\/cdn.icade.fr\/icadefr-clone\/images\/_aliases\/projet_list_hp\/1\/5\/1\/8\/8151-31-fre-FR\/c029427e884a-bur-eqho.jpg\u0022 alt=\u0022La fa\u00e7ade d\u2019Eqho par Fernando Javier Urquijo\u0022 \/\u003E\n\n                            \u003C\/a\u003E\n                \n            \u003Cul class=\u0022projects-list-item-tags\u0022 \u003E\n                                                                        \u003Cli \u003E\n                                                                        \u003Ca href=\u0022#\u0022\n                            data-icd=\u0022L2VuL3JlY2hlcmNoZT90YWc9QnVzaW5lc3MlMjBkaXN0cmljdA==\u0022\n                            class=\u0022homepage-push-tag icd\u0022                             data-type=\u0022gtm_projetpush-tag\u0022                    \u003E\n                        Business district\n                    \u003C\/a\u003E\n                    \u003C\/li\u003E\n                                                                \u003Cli \u003E\n                                                                        \u003Ca href=\u0022#\u0022\n                            data-icd=\u0022L2VuL3JlY2hlcmNoZT90YWc9T2ZmaWNlcw==\u0022\n                            class=\u0022homepage-push-tag icd\u0022                             data-type=\u0022gtm_projetpush-tag\u0022                    \u003E\n                        Offices\n                    \u003C\/a\u003E\n                    \u003C\/li\u003E\n                                                                \u003Cli \u003E\n                                                                        \u003Ca href=\u0022#\u0022\n                            data-icd=\u0022L2VuL3JlY2hlcmNoZT90YWc9UGFyaXMtTGElMjBEJUMzJUE5ZmVuc2UlMjAlMjg5MiUyOQ==\u0022\n                            class=\u0022homepage-push-tag icd\u0022                             data-type=\u0022gtm_projetpush-tag\u0022                    \u003E\n                        Paris-La D\u00e9fense (92)\n                    \u003C\/a\u003E\n                    \u003C\/li\u003E\n                                    \u003C\/ul\u003E\n                \u003Ch2 class=\u0022projects-list-item-name\u0022\u003E\n                \u003Ca href=\u0022\/en\/projects\/offices\/commercial-property-investment\/eqho\u0022 class=\u0022gtm_projetpush-title\u0022\u003E\n                                            EQHO\n                                    \u003C\/a\u003E\n            \u003C\/h2\u003E\n            \u003C\/div\u003E\n                        \u003C\/div\u003E\n                                                                \u003Cdiv class=\u0022cell-1 is-hidden-tablet\u0022\u003E\u003C\/div\u003E\n                                                                \u003Cdiv class=\u0022cell-5 cell-t-6 cell-m-2\u0022\u003E\n                            \n    \u003Cdiv class=\u0022projects-list-item\u0022\u003E\n                                \u003Ca href=\u0022\/en\/projects\/housing\/om\u0022 class=\u0022gtm_projetpush-img\u0022\u003E\n                                                \n    \u003Cimg src=\u0022https:\/\/cdn.icade.fr\/icadefr-clone\/images\/_aliases\/projet_list_hp\/5\/1\/7\/3\/3715-2-fre-FR\/01\u00a9Architecture-Studio_miniature.jpg\u0022 alt=\u0022\u00d4M housing complex in Issy-les-Moulineaux \u00a9Architecture Studio\u0022 \/\u003E\n\n                            \u003C\/a\u003E\n                \n            \u003Cul class=\u0022projects-list-item-tags\u0022 \u003E\n                                                                        \u003Cli \u003E\n                                                                        \u003Ca href=\u0022#\u0022\n                            data-icd=\u0022L2VuL3JlY2hlcmNoZT90YWc9QW1lbml0aWVz\u0022\n                            class=\u0022homepage-push-tag icd\u0022                             data-type=\u0022gtm_projetpush-tag\u0022                    \u003E\n                        Amenities\n                    \u003C\/a\u003E\n                    \u003C\/li\u003E\n                                                                \u003Cli \u003E\n                                                                        \u003Ca href=\u0022#\u0022\n                            data-icd=\u0022L2VuL3JlY2hlcmNoZT90YWc9UmVhbCUyMEVzdGF0ZQ==\u0022\n                            class=\u0022homepage-push-tag icd\u0022                             data-type=\u0022gtm_projetpush-tag\u0022                    \u003E\n                        Real Estate\n                    \u003C\/a\u003E\n                    \u003C\/li\u003E\n                                                                \u003Cli \u003E\n                                                                        \u003Ca href=\u0022#\u0022\n                            data-icd=\u0022L2VuL3JlY2hlcmNoZT90YWc9Q2xvc2UlMjB0byUyMHRyYW5zcG9ydA==\u0022\n                            class=\u0022homepage-push-tag icd\u0022                             data-type=\u0022gtm_projetpush-tag\u0022                    \u003E\n                        Close to transport\n                    \u003C\/a\u003E\n                    \u003C\/li\u003E\n                                                                \u003Cli \u003E\n                                                                        \u003Ca href=\u0022#\u0022\n                            data-icd=\u0022L2VuL3JlY2hlcmNoZT90YWc9TWl4ZWQtdXNlJTIwcHJvamVjdA==\u0022\n                            class=\u0022homepage-push-tag icd\u0022                             data-type=\u0022gtm_projetpush-tag\u0022                    \u003E\n                        Mixed-use project\n                    \u003C\/a\u003E\n                    \u003C\/li\u003E\n                                    \u003C\/ul\u003E\n                \u003Ch2 class=\u0022projects-list-item-name\u0022\u003E\n                \u003Ca href=\u0022\/en\/projects\/housing\/om\u0022 class=\u0022gtm_projetpush-title\u0022\u003E\n                                            \u00d4M\n                                    \u003C\/a\u003E\n            \u003C\/h2\u003E\n            \u003C\/div\u003E\n                        \u003C\/div\u003E\n                                    \u003C\/div\u003E\n                                                \u003Cdiv class=\u0022row\u0022\u003E\n                                                                                                                                                \u003Cdiv class=\u0022cell-4 cell-t-6 cell-m-2\u0022\u003E\n                            \n    \u003Cdiv class=\u0022projects-list-item\u0022\u003E\n                                \u003Ca href=\u0022\/en\/projects\/offices\/commercial-property-investment\/initiale\u0022 class=\u0022gtm_projetpush-img\u0022\u003E\n                                                \n    \u003Cimg src=\u0022https:\/\/cdn.icade.fr\/icadefr-clone\/images\/_aliases\/projet_list_hp\/6\/9\/5\/0\/10596-13-fre-FR\/00f0fcde3ea2-bur-init.jpg\u0022 alt=\u0022Tour Initiale, Paris - La D\u00e9fense (92)\u0022 \/\u003E\n\n                            \u003C\/a\u003E\n                \n            \u003Cul class=\u0022projects-list-item-tags\u0022 \u003E\n                                                                        \u003Cli \u003E\n                                                                        \u003Ca href=\u0022#\u0022\n                            data-icd=\u0022L2VuL3JlY2hlcmNoZT90YWc9QnVzaW5lc3MlMjBkaXN0cmljdA==\u0022\n                            class=\u0022homepage-push-tag icd\u0022                             data-type=\u0022gtm_projetpush-tag\u0022                    \u003E\n                        Business district\n                    \u003C\/a\u003E\n                    \u003C\/li\u003E\n                                                                \u003Cli \u003E\n                                                                        \u003Ca href=\u0022#\u0022\n                            data-icd=\u0022L2VuL3JlY2hlcmNoZT90YWc9T2ZmaWNlcw==\u0022\n                            class=\u0022homepage-push-tag icd\u0022                             data-type=\u0022gtm_projetpush-tag\u0022                    \u003E\n                        Offices\n                    \u003C\/a\u003E\n                    \u003C\/li\u003E\n                                                                \u003Cli \u003E\n                                                                        \u003Ca href=\u0022#\u0022\n                            data-icd=\u0022L2VuL3JlY2hlcmNoZT90YWc9Q2xvc2UlMjB0byUyMHRyYW5zcG9ydA==\u0022\n                            class=\u0022homepage-push-tag icd\u0022                             data-type=\u0022gtm_projetpush-tag\u0022                    \u003E\n                        Close to transport\n                    \u003C\/a\u003E\n                    \u003C\/li\u003E\n                                                                \u003Cli \u003E\n                                                                        \u003Ca href=\u0022#\u0022\n                            data-icd=\u0022L2VuL3JlY2hlcmNoZT90YWc9UGFyaXMtTGElMjBEJUMzJUE5ZmVuc2UlMjAlMjg5MiUyOQ==\u0022\n                            class=\u0022homepage-push-tag icd\u0022                             data-type=\u0022gtm_projetpush-tag\u0022                    \u003E\n                        Paris-La D\u00e9fense (92)\n                    \u003C\/a\u003E\n                    \u003C\/li\u003E\n                                    \u003C\/ul\u003E\n                \u003Ch2 class=\u0022projects-list-item-name\u0022\u003E\n                \u003Ca href=\u0022\/en\/projects\/offices\/commercial-property-investment\/initiale\u0022 class=\u0022gtm_projetpush-title\u0022\u003E\n                                            Initiale\n                                    \u003C\/a\u003E\n            \u003C\/h2\u003E\n            \u003C\/div\u003E\n                        \u003C\/div\u003E\n                                                                                    \u003Cdiv class=\u0022cell-8 cell-t-6 cell-m-2\u0022\u003E\n                            \n    \u003Cdiv class=\u0022projects-list-item\u0022\u003E\n                                \u003Ca href=\u0022\/en\/projects\/offices\/commercial-property-investment\/orsud\u0022 class=\u0022gtm_projetpush-img\u0022\u003E\n                                                \n    \u003Cimg src=\u0022https:\/\/cdn.icade.fr\/icadefr-clone\/images\/_aliases\/projet_list_hp\/9\/8\/2\/8\/88289-5-fre-FR\/959bf04f700a-bur-orsud.jpg\u0022 alt=\u0022La fa\u00e7ade d\u2019Orsud \u2013 Fernando Urquijo, 2016\u0022 \/\u003E\n\n                            \u003C\/a\u003E\n                \n                \u003Ch2 class=\u0022projects-list-item-name\u0022\u003E\n                \u003Ca href=\u0022\/en\/projects\/offices\/commercial-property-investment\/orsud\u0022 class=\u0022gtm_projetpush-title\u0022\u003E\n                                            ORSUD\n                                    \u003C\/a\u003E\n            \u003C\/h2\u003E\n            \u003C\/div\u003E\n                        \u003C\/div\u003E\n                                    \u003C\/div\u003E\n                    ","next":4,"vueType":null}